{"id":1457,"date":"2019-11-03T18:01:15","date_gmt":"2019-11-03T18:01:15","guid":{"rendered":"http:\/\/fcb-sesslach91.de\/?p=1457"},"modified":"2019-11-28T13:31:28","modified_gmt":"2019-11-28T13:31:28","slug":"busfahrt-zum-champions-league-auswaertsspiel-roter-stern-belgrad-fc-bayern-am-26-11-2019","status":"publish","type":"post","link":"https:\/\/fcb-sesslach91.de\/index.php\/2019\/11\/03\/busfahrt-zum-champions-league-auswaertsspiel-roter-stern-belgrad-fc-bayern-am-26-11-2019\/","title":{"rendered":"Busfahrt zum Champions League-Ausw\u00e4rtsspiel Roter Stern Belgrad &#8211; FC Bayern am 26.11.2019"},"content":{"rendered":"<div class=\"post-content\">\n<div class=\"entry-content entry-excerpt clearfix\">\n<h3>INFO Champions League!!!<\/h3>\n<p>26.11.2019 Roter Stern Belgrad vs. FC Bayern<\/p>\n<p>Wir organisieren eine Busfahrt zum Champions League-Spiel in Belgrad. Hier schon mal ein paar Infos dazu:<\/p>\n<p>Abfahrt: Montag, 25.11.2019, ca. 19 Uhr am Schulparkplatz in Se\u00dflach \/ R\u00fcckfahrt: direkt nach dem Spiel bzw. nach der Blocksperre<\/p>\n<p>Fahrtroute: Se\u00dflach \u2013 A73 \u2013 N\u00fcrnberg &#8211; A3 \u2013 Regensburg \u2013 Passau &#8211; Maribor &#8211; Zagreb<\/p>\n<\/div>\n<p>Fahrpreis: 100,00 \u20ac<\/p>\n<div class=\"entry-content entry-excerpt clearfix\">\n<p>Kartenpreis: 55,00 \u20ac \u2013 Mitfahrt auch mit eigener Karte m\u00f6glich<\/p>\n<p>Anmeldung \u00fcber das Formular unter<a href=\"https:\/\/fcb-sesslach91.de\/index.php\/busfahrten\/\">\u00a0https:\/\/fcb-sesslach91.de\/index.php\/busfahrten\/<\/a><\/p>\n<div class=\"post-content\">\n<div class=\"entry-content entry-excerpt clearfix\">\n<p>Info zur Einreise nach Serbien:<\/p>\n<p>Seit 12. Juni 2010 besteht f\u00fcr die Einreise nach Serbien f\u00fcr deutsche Staatsangeh\u00f6rige keine Passpflicht mehr. Die Einreise ist mit einem g\u00fcltigem Personalausweis m\u00f6glich. Der Personalausweis muss mindestens f\u00fcr die geplante Aufenthaltsdauer g\u00fcltig sein. Da ein visumsfreier Aufenthalt bis zu 90 Tagen zul\u00e4ssig ist, gehen die serbischen Grenzbeh\u00f6rden erfahrungsgem\u00e4\u00df davon aus, dass auch die G\u00fcltigkeitsdauer des Passes mindestens 90 Tage betragen muss. Vorl\u00e4ufige Personalausweise werden nicht anerkannt. Das ausw\u00e4rtige Amt empfiehlt die Ausstellung eines eigenen Kinderreisepasses oder Reisepasses f\u00fcr Kinder.<\/p>\n<\/div>\n<\/div>\n<\/div>\n<\/div>\n","protected":false},"excerpt":{"rendered":"<p>INFO Champions League!!! 26.11.2019 Roter Stern Belgrad vs. FC Bayern Wir organisieren eine Busfahrt zum Champions League-Spiel in Belgrad. Hier schon mal ein paar Infos dazu: Abfahrt: Montag, 25.11.2019, ca. 19 Uhr am Schulparkplatz in Se\u00dflach \/ R\u00fcckfahrt: direkt nach dem Spiel bzw. nach der Blocksperre Fahrtroute: Se\u00dflach \u2013 A73<\/p>\n","protected":false},"author":2,"featured_media":0,"comment_status":"closed","ping_status":"closed","sticky":false,"template":"","format":"standard","meta":{"footnotes":""},"categories":[22],"tags":[],"class_list":["post-1457","post","type-post","status-publish","format-standard","hentry","category-22"],"_links":{"self":[{"href":"https:\/\/fcb-sesslach91.de\/index.php\/wp-json\/wp\/v2\/posts\/1457"}],"collection":[{"href":"https:\/\/fcb-sesslach91.de\/index.php\/wp-json\/wp\/v2\/posts"}],"about":[{"href":"https:\/\/fcb-sesslach91.de\/index.php\/wp-json\/wp\/v2\/types\/post"}],"author":[{"embeddable":true,"href":"https:\/\/fcb-sesslach91.de\/index.php\/wp-json\/wp\/v2\/users\/2"}],"replies":[{"embeddable":true,"href":"https:\/\/fcb-sesslach91.de\/index.php\/wp-json\/wp\/v2\/comments?post=1457"}],"version-history":[{"count":5,"href":"https:\/\/fcb-sesslach91.de\/index.php\/wp-json\/wp\/v2\/posts\/1457\/revisions"}],"predecessor-version":[{"id":1510,"href":"https:\/\/fcb-sesslach91.de\/index.php\/wp-json\/wp\/v2\/posts\/1457\/revisions\/1510"}],"wp:attachment":[{"href":"https:\/\/fcb-sesslach91.de\/index.php\/wp-json\/wp\/v2\/media?parent=1457"}],"wp:term":[{"taxonomy":"category","embeddable":true,"href":"https:\/\/fcb-sesslach91.de\/index.php\/wp-json\/wp\/v2\/categories?post=1457"},{"taxonomy":"post_tag","embeddable":true,"href":"https:\/\/fcb-sesslach91.de\/index.php\/wp-json\/wp\/v2\/tags?post=1457"}],"curies":[{"name":"wp","href":"https:\/\/api.w.org\/{rel}","templated":true}]}}