{"id":2091,"date":"2020-06-08T09:51:21","date_gmt":"2020-06-08T07:51:21","guid":{"rendered":"http:\/\/fcb-sesslach91.de\/?p=2091"},"modified":"2020-07-26T12:37:06","modified_gmt":"2020-07-26T10:37:06","slug":"jhv-wir-verschoben","status":"publish","type":"post","link":"https:\/\/fcb-sesslach91.de\/index.php\/2020\/06\/08\/jhv-wir-verschoben\/","title":{"rendered":"JHV wird verschoben"},"content":{"rendered":"<p style=\"text-align: center;\"><strong><span style=\"font-family: comic sans ms, sans-serif; font-size: 24px; color: #ff0000;\">Die f\u00fcr Samstag, 20.06.2020 geplante Jahreshauptversammlung mit Grillfest f\u00e4llt aus und wird auf einen sp\u00e4teren Zeitpunkt verschoben! Der genaue Nachholtermin wird &#8211; soweit es die aktuelle Situation zul\u00e4sst &#8211; rechtzeitig bekanntgegeben.<\/span><\/strong><\/p>\n","protected":false},"excerpt":{"rendered":"<p>Die f\u00fcr Samstag, 20.06.2020 geplante Jahreshauptversammlung mit Grillfest f\u00e4llt aus und wird auf einen sp\u00e4teren Zeitpunkt verschoben! Der genaue Nachholtermin wird &#8211; soweit es die aktuelle Situation zul\u00e4sst &#8211; rechtzeitig bekanntgegeben.<\/p>\n","protected":false},"author":2,"featured_media":0,"comment_status":"closed","ping_status":"closed","sticky":false,"template":"","format":"standard","meta":{"footnotes":""},"categories":[28],"tags":[],"class_list":["post-2091","post","type-post","status-publish","format-standard","hentry","category-28"],"_links":{"self":[{"href":"https:\/\/fcb-sesslach91.de\/index.php\/wp-json\/wp\/v2\/posts\/2091"}],"collection":[{"href":"https:\/\/fcb-sesslach91.de\/index.php\/wp-json\/wp\/v2\/posts"}],"about":[{"href":"https:\/\/fcb-sesslach91.de\/index.php\/wp-json\/wp\/v2\/types\/post"}],"author":[{"embeddable":true,"href":"https:\/\/fcb-sesslach91.de\/index.php\/wp-json\/wp\/v2\/users\/2"}],"replies":[{"embeddable":true,"href":"https:\/\/fcb-sesslach91.de\/index.php\/wp-json\/wp\/v2\/comments?post=2091"}],"version-history":[{"count":2,"href":"https:\/\/fcb-sesslach91.de\/index.php\/wp-json\/wp\/v2\/posts\/2091\/revisions"}],"predecessor-version":[{"id":2111,"href":"https:\/\/fcb-sesslach91.de\/index.php\/wp-json\/wp\/v2\/posts\/2091\/revisions\/2111"}],"wp:attachment":[{"href":"https:\/\/fcb-sesslach91.de\/index.php\/wp-json\/wp\/v2\/media?parent=2091"}],"wp:term":[{"taxonomy":"category","embeddable":true,"href":"https:\/\/fcb-sesslach91.de\/index.php\/wp-json\/wp\/v2\/categories?post=2091"},{"taxonomy":"post_tag","embeddable":true,"href":"https:\/\/fcb-sesslach91.de\/index.php\/wp-json\/wp\/v2\/tags?post=2091"}],"curies":[{"name":"wp","href":"https:\/\/api.w.org\/{rel}","templated":true}]}}