{"id":2822,"date":"2021-09-27T15:38:52","date_gmt":"2021-09-27T13:38:52","guid":{"rendered":"https:\/\/fcb-sesslach91.de\/?p=2822"},"modified":"2021-10-05T11:11:23","modified_gmt":"2021-10-05T09:11:23","slug":"fanclub-stammtisch-am-01-10-2021","status":"publish","type":"post","link":"https:\/\/fcb-sesslach91.de\/index.php\/2021\/09\/27\/fanclub-stammtisch-am-01-10-2021\/","title":{"rendered":"Fanclub-Stammtisch am 01.10.2021"},"content":{"rendered":"<header class=\"entry-header\">\n<h2 class=\"entry-title\"><em><strong>Erstmals seit Oktober 2020 findet am Freitag, 01.10.2021 um 19.30 Uhr wieder ein Fanclub-Stammtisch im Sportheim des DJK\/FC Se\u00dflach statt.\u00a0 Wir werden ein Dart- und Schnauzturnier abhalten,\u00a0 zu denen auch Nichtmitglieder recht herzlich eingeladen sind.<\/strong><\/em><\/h2>\n<\/header>\n<div class=\"post-content\">\n<div class=\"entry-content entry-excerpt clearfix\">\n<div class=\"entry-content entry-excerpt clearfix\">\n<p>Das letzte Dartturnier am 02.10.2020 gewann Gunar Kl\u00fcglein. Beim Schnauz war zuletzt am 04.10.2019 Wolfi R\u00f6\u00dfner erfolgreich. Es geht haupts\u00e4chlich nat\u00fcrlich wieder um \u201eJust for Fun\u201c. Die jeweils drei Bestplatzierten bekommen wieder Preise in Form von Gutscheinen \u00fcberreicht.<\/p>\n<\/div>\n<\/div>\n<\/div>\n","protected":false},"excerpt":{"rendered":"<p>Erstmals seit Oktober 2020 findet am Freitag, 01.10.2021 um 19.30 Uhr wieder ein Fanclub-Stammtisch im Sportheim des DJK\/FC Se\u00dflach statt.\u00a0 Wir werden ein Dart- und Schnauzturnier abhalten,\u00a0 zu denen auch Nichtmitglieder recht herzlich eingeladen sind. Das letzte Dartturnier am 02.10.2020 gewann Gunar Kl\u00fcglein. Beim Schnauz war zuletzt am 04.10.2019 Wolfi<\/p>\n","protected":false},"author":2,"featured_media":0,"comment_status":"closed","ping_status":"closed","sticky":false,"template":"","format":"standard","meta":{"footnotes":""},"categories":[33],"tags":[],"class_list":["post-2822","post","type-post","status-publish","format-standard","hentry","category-33"],"_links":{"self":[{"href":"https:\/\/fcb-sesslach91.de\/index.php\/wp-json\/wp\/v2\/posts\/2822"}],"collection":[{"href":"https:\/\/fcb-sesslach91.de\/index.php\/wp-json\/wp\/v2\/posts"}],"about":[{"href":"https:\/\/fcb-sesslach91.de\/index.php\/wp-json\/wp\/v2\/types\/post"}],"author":[{"embeddable":true,"href":"https:\/\/fcb-sesslach91.de\/index.php\/wp-json\/wp\/v2\/users\/2"}],"replies":[{"embeddable":true,"href":"https:\/\/fcb-sesslach91.de\/index.php\/wp-json\/wp\/v2\/comments?post=2822"}],"version-history":[{"count":1,"href":"https:\/\/fcb-sesslach91.de\/index.php\/wp-json\/wp\/v2\/posts\/2822\/revisions"}],"predecessor-version":[{"id":2823,"href":"https:\/\/fcb-sesslach91.de\/index.php\/wp-json\/wp\/v2\/posts\/2822\/revisions\/2823"}],"wp:attachment":[{"href":"https:\/\/fcb-sesslach91.de\/index.php\/wp-json\/wp\/v2\/media?parent=2822"}],"wp:term":[{"taxonomy":"category","embeddable":true,"href":"https:\/\/fcb-sesslach91.de\/index.php\/wp-json\/wp\/v2\/categories?post=2822"},{"taxonomy":"post_tag","embeddable":true,"href":"https:\/\/fcb-sesslach91.de\/index.php\/wp-json\/wp\/v2\/tags?post=2822"}],"curies":[{"name":"wp","href":"https:\/\/api.w.org\/{rel}","templated":true}]}}