{"id":2976,"date":"2022-01-01T11:34:33","date_gmt":"2022-01-01T10:34:33","guid":{"rendered":"https:\/\/fcb-sesslach91.de\/?p=2976"},"modified":"2022-01-10T17:53:09","modified_gmt":"2022-01-10T16:53:09","slug":"bierkopfturnier-2022","status":"publish","type":"post","link":"https:\/\/fcb-sesslach91.de\/index.php\/2022\/01\/01\/bierkopfturnier-2022\/","title":{"rendered":"Bierkopfturnier 2022"},"content":{"rendered":"<p><em><strong>Am Samstag, 08.01.2022 hat das Sportheim der DJK\/FC Se\u00dflach ab 15.30 Uhr f\u00fcr jedermann ge\u00f6ffnet. Wir veranstalten unser 24. Fanclub-Bierkopfturnier. Auch Nichtmitglieder k\u00f6nnen daran gerne teilnehmen.\u00a0<\/strong><\/em><\/p>\n<p>Titelverteidiger sind Ralf Popp und Stephan Falk. Die Zweierteams werden wieder vorm Turnier ausgelost. Es soll haupts\u00e4chlich Spa\u00df machen. F\u00fcr die ersten 4 Teams winken wieder fl\u00fcssige Preise in Form von Augustiner Hell.<\/p>\n<p><strong>Es gilt die 2G-Regelung f\u00fcr die Gastronomie. Bitte FFP2-Maske nicht vergessen.<\/strong><\/p>\n","protected":false},"excerpt":{"rendered":"<p>Am Samstag, 08.01.2022 hat das Sportheim der DJK\/FC Se\u00dflach ab 15.30 Uhr f\u00fcr jedermann ge\u00f6ffnet. Wir veranstalten unser 24. Fanclub-Bierkopfturnier. Auch Nichtmitglieder k\u00f6nnen daran gerne teilnehmen.\u00a0 Titelverteidiger sind Ralf Popp und Stephan Falk. Die Zweierteams werden wieder vorm Turnier ausgelost. Es soll haupts\u00e4chlich Spa\u00df machen. F\u00fcr die ersten 4 Teams<\/p>\n","protected":false},"author":2,"featured_media":0,"comment_status":"closed","ping_status":"closed","sticky":false,"template":"","format":"standard","meta":{"footnotes":""},"categories":[34],"tags":[],"class_list":["post-2976","post","type-post","status-publish","format-standard","hentry","category-34"],"_links":{"self":[{"href":"https:\/\/fcb-sesslach91.de\/index.php\/wp-json\/wp\/v2\/posts\/2976"}],"collection":[{"href":"https:\/\/fcb-sesslach91.de\/index.php\/wp-json\/wp\/v2\/posts"}],"about":[{"href":"https:\/\/fcb-sesslach91.de\/index.php\/wp-json\/wp\/v2\/types\/post"}],"author":[{"embeddable":true,"href":"https:\/\/fcb-sesslach91.de\/index.php\/wp-json\/wp\/v2\/users\/2"}],"replies":[{"embeddable":true,"href":"https:\/\/fcb-sesslach91.de\/index.php\/wp-json\/wp\/v2\/comments?post=2976"}],"version-history":[{"count":1,"href":"https:\/\/fcb-sesslach91.de\/index.php\/wp-json\/wp\/v2\/posts\/2976\/revisions"}],"predecessor-version":[{"id":2977,"href":"https:\/\/fcb-sesslach91.de\/index.php\/wp-json\/wp\/v2\/posts\/2976\/revisions\/2977"}],"wp:attachment":[{"href":"https:\/\/fcb-sesslach91.de\/index.php\/wp-json\/wp\/v2\/media?parent=2976"}],"wp:term":[{"taxonomy":"category","embeddable":true,"href":"https:\/\/fcb-sesslach91.de\/index.php\/wp-json\/wp\/v2\/categories?post=2976"},{"taxonomy":"post_tag","embeddable":true,"href":"https:\/\/fcb-sesslach91.de\/index.php\/wp-json\/wp\/v2\/tags?post=2976"}],"curies":[{"name":"wp","href":"https:\/\/api.w.org\/{rel}","templated":true}]}}