{"id":594,"date":"2019-01-25T18:17:47","date_gmt":"2019-01-25T18:17:47","guid":{"rendered":"http:\/\/fcb-sesslach91.de\/?p=594"},"modified":"2019-03-21T14:47:07","modified_gmt":"2019-03-21T14:47:07","slug":"eventuelle-fahrt-zum-champions-league-viertelfinale-der-frauen-slavia-prag-fc-bayern","status":"publish","type":"post","link":"https:\/\/fcb-sesslach91.de\/index.php\/2019\/01\/25\/eventuelle-fahrt-zum-champions-league-viertelfinale-der-frauen-slavia-prag-fc-bayern\/","title":{"rendered":"Busfahrt zum Champions League-Viertelfinale der Frauen: Slavia Prag &#8211; FC Bayern"},"content":{"rendered":"<p><span style=\"color: #ff0000;\">Am<strong><span class=\"cmp_parsed_date\" data-cmp_parsed_date=\"2019-03-20\" data-ce-class=\"Dates\"> <span style=\"text-decoration: underline;\">Mittwoch, 20.03.2019<\/span><\/span><\/strong> spielen unsere Frauen im <strong>Champions League-Viertelfinale bei Slavia Prag<\/strong> (Ansto\u00df: 18.30 Uhr). Da es ja bei den M\u00e4nnern mal wieder nicht mit einer CL-Ausw\u00e4rtsfahrt geklappt hat, werden eine Fahrt nach Prag durchf\u00fchren.<\/span><\/p>\n<p><span style=\"color: #ff0000;\">Die Fahrt ist fix und findet in jeden Fall statt.<\/span><\/p>\n<p><span style=\"color: #ff0000;\">Wer Interesse hat, mit nach Prag zu fahren, kann sich gerne noch \u00fcber das Anmeldeformular unter &#8222;Busfahrten&#8220; anmelden. Abfahrt in Se\u00dflach 7 Uhr, R\u00fcckfahrt direkt nach dem Spiel. Fahrpreis 35 \u20ac. Die Eintrittskarte kostet 100 K\u0107 (ca. 5,00 \u20ac).<br \/>\n<\/span><\/p>\n","protected":false},"excerpt":{"rendered":"<p>Am Mittwoch, 20.03.2019 spielen unsere Frauen im Champions League-Viertelfinale bei Slavia Prag (Ansto\u00df: 18.30 Uhr). Da es ja bei den M\u00e4nnern mal wieder nicht mit einer CL-Ausw\u00e4rtsfahrt geklappt hat, werden eine Fahrt nach Prag durchf\u00fchren. Die Fahrt ist fix und findet in jeden Fall statt. Wer Interesse hat, mit nach<\/p>\n","protected":false},"author":2,"featured_media":0,"comment_status":"closed","ping_status":"closed","sticky":false,"template":"","format":"standard","meta":{"footnotes":""},"categories":[22],"tags":[],"class_list":["post-594","post","type-post","status-publish","format-standard","hentry","category-22"],"_links":{"self":[{"href":"https:\/\/fcb-sesslach91.de\/index.php\/wp-json\/wp\/v2\/posts\/594"}],"collection":[{"href":"https:\/\/fcb-sesslach91.de\/index.php\/wp-json\/wp\/v2\/posts"}],"about":[{"href":"https:\/\/fcb-sesslach91.de\/index.php\/wp-json\/wp\/v2\/types\/post"}],"author":[{"embeddable":true,"href":"https:\/\/fcb-sesslach91.de\/index.php\/wp-json\/wp\/v2\/users\/2"}],"replies":[{"embeddable":true,"href":"https:\/\/fcb-sesslach91.de\/index.php\/wp-json\/wp\/v2\/comments?post=594"}],"version-history":[{"count":9,"href":"https:\/\/fcb-sesslach91.de\/index.php\/wp-json\/wp\/v2\/posts\/594\/revisions"}],"predecessor-version":[{"id":688,"href":"https:\/\/fcb-sesslach91.de\/index.php\/wp-json\/wp\/v2\/posts\/594\/revisions\/688"}],"wp:attachment":[{"href":"https:\/\/fcb-sesslach91.de\/index.php\/wp-json\/wp\/v2\/media?parent=594"}],"wp:term":[{"taxonomy":"category","embeddable":true,"href":"https:\/\/fcb-sesslach91.de\/index.php\/wp-json\/wp\/v2\/categories?post=594"},{"taxonomy":"post_tag","embeddable":true,"href":"https:\/\/fcb-sesslach91.de\/index.php\/wp-json\/wp\/v2\/tags?post=594"}],"curies":[{"name":"wp","href":"https:\/\/api.w.org\/{rel}","templated":true}]}}